[{"@context":"https:\/\/schema.org\/","@type":"Article","@id":"https:\/\/www.telsey.cz\/kdyz-nam-dite-onemocni\/#Article","mainEntityOfPage":"https:\/\/www.telsey.cz\/kdyz-nam-dite-onemocni\/","headline":"Kdy\u017e n\u00e1m d\u00edt\u011b onemocn\u00ed","name":"Kdy\u017e n\u00e1m d\u00edt\u011b onemocn\u00ed","description":"Krom\u011b toho, \u017ee m\u00e1me sami spoustu rozd\u011blan\u00e9 pr\u00e1ce a \u010dasto nev\u00edme, kam d\u0159\u00edv sko\u010dit, znamen\u00e1 ne\u010dekan\u00fd telefon\u00e1t ze \u0161kolsk\u00e9ho za\u0159\u00edzen\u00ed na\u0161eho d\u00edt\u011bte, velk\u00e9 komplikace. V\u00a0prvn\u00ed \u0159ad\u011b jsme v\u0161ak rodi\u010de a jde o zdrav\u00ed d\u00edt\u011bte, tak\u017ee pr\u00e1ce po\u010dk\u00e1, nebo ji ud\u011bl\u00e1 n\u011bkdo jin\u00fd a je nutn\u00e9 zajistit d\u00edt\u011b, aby se mu dostalo pot\u0159ebn\u00e9 l\u00e9ka\u0159sk\u00e9 a n\u00e1sledn\u011b [&hellip;]","datePublished":"2023-05-15","dateModified":"2023-05-15","author":{"@type":"Person","@id":"https:\/\/www.telsey.cz\/author\/#Person","name":"","url":"https:\/\/www.telsey.cz\/author\/","identifier":1,"image":{"@type":"ImageObject","@id":"https:\/\/secure.gravatar.com\/avatar\/383247cd769f7ac317a5bcda943ec48a3c79d996598ae4564ec21a0e178126d1?s=96&d=mm&r=g","url":"https:\/\/secure.gravatar.com\/avatar\/383247cd769f7ac317a5bcda943ec48a3c79d996598ae4564ec21a0e178126d1?s=96&d=mm&r=g","height":96,"width":96}},"publisher":{"@type":"Organization","name":"telsey.cz","logo":{"@type":"ImageObject","@id":"\/logo.png","url":"\/logo.png","width":600,"height":60}},"image":{"@type":"ImageObject","@id":"https:\/\/www.telsey.cz\/wp-content\/uploads\/img_a297759_w2128_t1508151218.jpg","url":"https:\/\/www.telsey.cz\/wp-content\/uploads\/img_a297759_w2128_t1508151218.jpg","height":0,"width":0},"url":"https:\/\/www.telsey.cz\/kdyz-nam-dite-onemocni\/","wordCount":497,"articleBody":"Krom\u011b toho, \u017ee m\u00e1me sami spoustu rozd\u011blan\u00e9 pr\u00e1ce a \u010dasto nev\u00edme, kam d\u0159\u00edv sko\u010dit, znamen\u00e1 ne\u010dekan\u00fd telefon\u00e1t ze \u0161kolsk\u00e9ho za\u0159\u00edzen\u00ed na\u0161eho d\u00edt\u011bte, velk\u00e9 komplikace. V\u00a0prvn\u00ed \u0159ad\u011b jsme v\u0161ak rodi\u010de a jde o zdrav\u00ed d\u00edt\u011bte, tak\u017ee pr\u00e1ce po\u010dk\u00e1, nebo ji ud\u011bl\u00e1 n\u011bkdo jin\u00fd a je nutn\u00e9 zajistit d\u00edt\u011b, aby se mu dostalo pot\u0159ebn\u00e9 l\u00e9ka\u0159sk\u00e9 a n\u00e1sledn\u011b na\u0161\u00ed p\u00e9\u010de. Pak ov\u0161em za\u010dneme uva\u017eovat, jak v\u0161e skloubit a na co v\u016fbec m\u00e1me jako rodi\u010de nemocn\u00e9ho d\u00edt\u011bte n\u00e1rok.Pe\u010dovat o nemocn\u00e9 d\u00edt\u011b a je\u0161t\u011b k\u00a0tomu \u0159e\u0161it finan\u010dn\u00ed probl\u00e9my by bylo u\u017e skute\u010dn\u011b p\u0159\u00edli\u0161. Na\u0161t\u011bst\u00ed na rodi\u010de \u2013 zam\u011bstnance mysl\u00ed z\u00e1kon o nemocensk\u00e9m poji\u0161t\u011bn\u00ed a to d\u00e1vkou, kter\u00e1 se naz\u00fdv\u00e1 o\u0161et\u0159ovn\u00e9.N\u00e1rok na tuto d\u00e1vku m\u00e1 pracuj\u00edc\u00ed rodi\u010d, kter\u00fd po dobu nemoci pe\u010duje o sv\u00e9 d\u00edt\u011b, p\u0159\u00edpadn\u011b pe\u010duje o zdrav\u00e9 d\u00edt\u011b, ve v\u011bku do deseti let, kter\u00e9 nem\u016f\u017ee z\u00a0provozn\u00edch d\u016fvod\u016f nav\u0161t\u011bvovat \u0161kolsk\u00e9 za\u0159\u00edzen\u00ed. D\u00e9lka \u010derp\u00e1n\u00ed t\u00e9to d\u00e1vky je dev\u011bt kalend\u00e1\u0159n\u00edch dn\u00ed. V\u00a0p\u0159\u00edpad\u011b, \u017ee se v\u0161ak jedn\u00e1 o rodi\u010de samo\u017eivitele, m\u016f\u017ee b\u00fdt d\u00e9lka prodlou\u017eena a\u017e na 16. kalend\u00e1\u0159n\u00edch dn\u016f, pokud v\u0161ak m\u00e1 rodi\u010d v\u00a0p\u00e9\u010di alespo\u0148 jedno d\u00edt\u011b mlad\u0161\u00ed 16. let, kter\u00e9 je\u0161t\u011b neukon\u010dilo povinnou \u0161koln\u00ed doch\u00e1zku.V\u00a0p\u0159\u00edpad\u011b, \u017ee se nejedn\u00e1 o rodi\u010de samo\u017eivitele, ale d\u00e9lka l\u00e9\u010den\u00ed se prot\u00e1hne, mohou se rodi\u010de v\u00a0p\u00e9\u010di o d\u00edt\u011b vyst\u0159\u00eddat a o\u0161et\u0159ovn\u00e9 pak bude po n\u00e1sleduj\u00edc\u00edch dev\u011bt kalend\u00e1\u0159n\u00edch dn\u016f pob\u00edrat m\u00edsto matky otec. Tuto v\u00fdm\u011bnu lze v\u0161ak u\u010dinit pouze jedenkr\u00e1t. Otec m\u016f\u017ee pob\u00edrat o\u0161et\u0159ovn\u00e9 nap\u0159\u00edklad tak\u00e9 tehdy, kdy je matka s\u00a0d\u00edt\u011btem na mate\u0159sk\u00e9, nebo rodi\u010dovsk\u00e9 dovolen\u00e9, pob\u00edr\u00e1 tedy pen\u011b\u017eitou pomoc v\u00a0mate\u0159stv\u00ed nebo rodi\u010dovsk\u00fd p\u0159\u00edsp\u011bvek, ale kv\u016fli sv\u00e9 nemoci se o d\u00edt\u011b nem\u016f\u017ee starat.D\u00e1vku o\u0161et\u0159ovn\u00e9ho vypl\u00e1c\u00ed p\u0159\u00edslu\u0161n\u00e1 Okresn\u00ed spr\u00e1va soci\u00e1ln\u00edho zabezpe\u010den\u00ed. Tiskopisy vypln\u00ed o\u0161et\u0159uj\u00edc\u00ed l\u00e9ka\u0159 nemocn\u00e9ho \u2013 tedy d\u00edt\u011bte, nebo nemocn\u00e9ho rodi\u010de. Osoba, kter\u00e1 bude o\u0161et\u0159ovn\u00e9 pob\u00edrat, pak tiskopisy odevzd\u00e1 sv\u00e9mu zam\u011bstnavateli a ten je ode\u0161le p\u0159\u00edslu\u0161n\u00e9 okresn\u00ed spr\u00e1v\u011b. O\u0161et\u0159ovn\u00e9 je vypl\u00e1ceno od prvn\u00edho dne p\u00e9\u010de o nemocn\u00e9ho \u010dlena rodiny a jeho v\u00fd\u0161e \u010din\u00ed 60% redukovan\u00e9ho denn\u00edho vym\u011b\u0159ovac\u00edho z\u00e1kladu. Tedy stejn\u011b, jako nemocensk\u00e1.                                                                                                                                                                                                                                                                                                                                                                                                "},{"@context":"https:\/\/schema.org\/","@type":"BreadcrumbList","itemListElement":[{"@type":"ListItem","position":1,"name":"Kdy\u017e n\u00e1m d\u00edt\u011b onemocn\u00ed","item":"https:\/\/www.telsey.cz\/kdyz-nam-dite-onemocni\/#breadcrumbitem"}]}]