[{"@context":"https:\/\/schema.org\/","@type":"Article","@id":"https:\/\/www.telsey.cz\/mame-dvouletou-zarucni-lhutu\/#Article","mainEntityOfPage":"https:\/\/www.telsey.cz\/mame-dvouletou-zarucni-lhutu\/","headline":"M\u00e1me dvouletou z\u00e1ru\u010dn\u00ed lh\u016ftu","name":"M\u00e1me dvouletou z\u00e1ru\u010dn\u00ed lh\u016ftu","description":"N\u00e1\u0161 Audi servis se v\u00e1m postar\u00e1 o kontrolu va\u0161ich vozidel. Rad\u00edme v\u0161em na\u0161im klient\u016fm, aby si je nechali prohl\u00eddnout u na\u0161ich odborn\u00edk\u016f v\u017edycky v p\u0159\u00edpadech, kdy se chystaj\u00ed odjet na del\u0161\u00ed cestu. Nutn\u00e9 je to hlavn\u011b p\u0159ed cestami do zahrani\u010d\u00ed. P\u0159ivezte ho a my ho d\u016fkladn\u011b prohl\u00e9dneme. M\u016f\u017eeme zaru\u010dit, \u017ee se mu budou v\u011bnovat skute\u010dn\u00ed [&hellip;]","datePublished":"2025-01-05","dateModified":"2025-01-05","author":{"@type":"Person","@id":"https:\/\/www.telsey.cz\/author\/#Person","name":"","url":"https:\/\/www.telsey.cz\/author\/","identifier":1,"image":{"@type":"ImageObject","@id":"https:\/\/secure.gravatar.com\/avatar\/383247cd769f7ac317a5bcda943ec48a3c79d996598ae4564ec21a0e178126d1?s=96&d=mm&r=g","url":"https:\/\/secure.gravatar.com\/avatar\/383247cd769f7ac317a5bcda943ec48a3c79d996598ae4564ec21a0e178126d1?s=96&d=mm&r=g","height":96,"width":96}},"publisher":{"@type":"Organization","name":"telsey.cz","logo":{"@type":"ImageObject","@id":"\/logo.png","url":"\/logo.png","width":600,"height":60}},"url":"https:\/\/www.telsey.cz\/mame-dvouletou-zarucni-lhutu\/","wordCount":179,"articleBody":"N\u00e1\u0161 Audi servis se v\u00e1m postar\u00e1 o kontrolu va\u0161ich vozidel. Rad\u00edme v\u0161em na\u0161im klient\u016fm, aby si je nechali prohl\u00eddnout u na\u0161ich odborn\u00edk\u016f v\u017edycky v p\u0159\u00edpadech, kdy se chystaj\u00ed odjet na del\u0161\u00ed cestu. Nutn\u00e9 je to hlavn\u011b p\u0159ed cestami do zahrani\u010d\u00ed. P\u0159ivezte ho a my ho d\u016fkladn\u011b prohl\u00e9dneme. M\u016f\u017eeme zaru\u010dit, \u017ee se mu budou v\u011bnovat skute\u010dn\u00ed odborn\u00edci. \u010cek\u00e1me na v\u0161echny na\u0161e klienty. Postar\u00e1me se o va\u0161e osobn\u00ed a lehk\u00e1 n\u00e1kladn\u00ed auta Chcete z\u00edskat ve\u0161ker\u00e9 informace o na\u0161em Audi servisu? Tak nev\u00e1hejte a p\u0159ije\u010fte k n\u00e1m. Uk\u00e1\u017eeme v\u00e1m, jak vysoce kvalitn\u011b m\u00e1me vybaven\u00e9 na\u0161e d\u00edlny. K dispozici m\u00e1me i v\u0161echny nutn\u00e9 n\u00e1hradn\u00ed d\u00edly. Nic nemus\u00edte pracn\u011b sh\u00e1n\u011bt. Vyjdeme vst\u0159\u00edc ka\u017ed\u00e9mu z\u00e1kazn\u00edkovi. N\u00e1\u0161 erudovan\u00fd person\u00e1l odv\u00e1d\u00ed pr\u00e1ci na \u0161pi\u010dkov\u00e9 \u00farovni. P\u0159esv\u011bd\u010dte se o tom sami.                                                                                                                                                                                                                                                                                                                                                                                                "},{"@context":"https:\/\/schema.org\/","@type":"BreadcrumbList","itemListElement":[{"@type":"ListItem","position":1,"name":"M\u00e1me dvouletou z\u00e1ru\u010dn\u00ed lh\u016ftu","item":"https:\/\/www.telsey.cz\/mame-dvouletou-zarucni-lhutu\/#breadcrumbitem"}]}]