[{"@context":"https:\/\/schema.org\/","@type":"Article","@id":"https:\/\/www.telsey.cz\/nechte-si-nabytek-postavit-na-miru\/#Article","mainEntityOfPage":"https:\/\/www.telsey.cz\/nechte-si-nabytek-postavit-na-miru\/","headline":"Nechte si n\u00e1bytek postavit na m\u00edru","name":"Nechte si n\u00e1bytek postavit na m\u00edru","description":"Pokud hled\u00e1te n\u00e1bytek, kter\u00fd v\u00e1m zajist\u00ed dostatek \u00falo\u017en\u00e9ho prostoru, skv\u011ble zapadne do interi\u00e9ru, bude m\u00edt modern\u00ed design a p\u0159izp\u016fsob\u00ed se va\u0161im mo\u017enostem a p\u0159edstav\u00e1m, tak z\u0159ejm\u011b m\u00e1te na mysli vestav\u011bn\u00e9 sk\u0159\u00edn\u011b Praha 10.Jejich hlavn\u00ed v\u00fdhodou je fakt, \u017ee si je m\u016f\u017eete ud\u011blat na m\u00edru prostor\u016fm i p\u0159edstav\u00e1m. Tak\u017ee v bytech a domech, ve kter\u00fdch mno\u017estv\u00edm [&hellip;]","datePublished":"2018-07-23","dateModified":"2023-05-15","author":{"@type":"Person","@id":"https:\/\/www.telsey.cz\/author\/#Person","name":"","url":"https:\/\/www.telsey.cz\/author\/","identifier":1,"image":{"@type":"ImageObject","@id":"https:\/\/secure.gravatar.com\/avatar\/383247cd769f7ac317a5bcda943ec48a3c79d996598ae4564ec21a0e178126d1?s=96&d=mm&r=g","url":"https:\/\/secure.gravatar.com\/avatar\/383247cd769f7ac317a5bcda943ec48a3c79d996598ae4564ec21a0e178126d1?s=96&d=mm&r=g","height":96,"width":96}},"publisher":{"@type":"Organization","name":"telsey.cz","logo":{"@type":"ImageObject","@id":"\/logo.png","url":"\/logo.png","width":600,"height":60}},"image":{"@type":"ImageObject","@id":"https:\/\/www.telsey.cz\/wp-content\/uploads\/img_a320116_w1773_t1531296538.jpg","url":"https:\/\/www.telsey.cz\/wp-content\/uploads\/img_a320116_w1773_t1531296538.jpg","height":0,"width":0},"url":"https:\/\/www.telsey.cz\/nechte-si-nabytek-postavit-na-miru\/","about":["Bydlen\u00ed"],"wordCount":415,"articleBody":"     Pokud hled\u00e1te n\u00e1bytek, kter\u00fd v\u00e1m zajist\u00ed dostatek \u00falo\u017en\u00e9ho prostoru, skv\u011ble zapadne do interi\u00e9ru, bude m\u00edt modern\u00ed design a p\u0159izp\u016fsob\u00ed se va\u0161im mo\u017enostem a p\u0159edstav\u00e1m, tak z\u0159ejm\u011b m\u00e1te na mysli vestav\u011bn\u00e9 sk\u0159\u00edn\u011b Praha 10.Jejich hlavn\u00ed v\u00fdhodou je fakt, \u017ee si je m\u016f\u017eete ud\u011blat na m\u00edru prostor\u016fm i p\u0159edstav\u00e1m. Tak\u017ee v bytech a domech, ve kter\u00fdch mno\u017estv\u00edm prostoru neopl\u00fdv\u00e1te, se skv\u011ble hod\u00ed. A nejen samoz\u0159ejm\u011b v mal\u00fdch prostorech, ale i v t\u011bch klasick\u00fdch a v\u011bt\u0161\u00edch.Z\u00edsk\u00e1te funk\u010dn\u00ed \u0159e\u0161en\u00ed za\u0159\u00edzen\u00ed, kter\u00e9 krom\u011b praktick\u00e9 \u010d\u00e1sti spl\u0148uje tak\u00e9 \u00fa\u010del estetick\u00fd a stane se tak dokonal\u00fdm dopl\u0148kem interi\u00e9ru. \u00dalo\u017en\u00e9 prostory jsou z\u00e1le\u017eitost, kter\u00e1 se \u0159e\u0161\u00ed asi v ka\u017ed\u00e9 dom\u00e1cnosti a nikdy jich nen\u00ed dostatek. Prostor zbyte\u010dn\u011b zab\u00edraj\u00ed komody, sk\u0159\u00edn\u011b a sk\u0159\u00ed\u0148ky a z interi\u00e9ru se st\u00e1v\u00e1 p\u0159ehlcen\u00e1 m\u00edstnost, kter\u00e1 nijak nelad\u00ed a n\u00e1bytek ke v\u0161emu neposkytuje dostatek \u00falo\u017en\u00e9ho prostoru.Vestav\u011bn\u00e9 sk\u0159\u00edn\u011b Praha 10 spl\u0148uj\u00ed \u00fa\u010del i estetick\u00fd design a vypln\u00ed ka\u017ed\u00fd kousek m\u00edsta prakticky a efektivn\u011b.  M\u016f\u017eete si sami navrhnout nejen vrchn\u00ed design, ale i vnit\u0159n\u00ed rozlo\u017een\u00ed prostoru v n\u00e1bytku na m\u00edru. Krom\u011b polic si m\u016f\u017eete zadov\u00e1\u017eit tak\u00e9 z\u00e1v\u011bsn\u00e9 syst\u00e9my, dr\u00e1t\u011bn\u00e9 syst\u00e9my, \u0161upl\u00edky \u010di voln\u00fd prostor na odkl\u00e1d\u00e1n\u00ed v\u011bt\u0161\u00edch p\u0159edm\u011bt\u016f a podobn\u011b. P\u0159esn\u011b tak, jak se v\u00e1m to hod\u00ed, jak pot\u0159ebujete a chcete.Vrchn\u00ed design je rovn\u011b\u017e podle va\u0161ich p\u0159edstav a p\u0159izp\u016fsob\u00ed se i st\u00e1vaj\u00edc\u00edmu interi\u00e9ru. M\u016f\u017eou b\u00fdt cel\u00e9 d\u0159ev\u011bn\u00e9, se zrcadly nebo v kombinaci se sklem \u010di s kovy. A na n\u00e1hodu nez\u016fstane ani zp\u016fsob otev\u00edr\u00e1n\u00ed, proto\u017ee krom\u011b klasick\u00e9ho otev\u00edr\u00e1n\u00ed m\u00e1te je\u0161t\u011b mo\u017enost proveden\u00ed posuvn\u00e9.Ani atypick\u00e9 prostory o mo\u017enost n\u00e1bytku na m\u00edru nep\u0159ijdou, proto\u017ee je mo\u017en\u00e9 m\u00edt proveden\u00ed i rohov\u00e9. Ani kousek m\u00edsta nez\u016fstane nazmar a vy budete m\u00edt dostatek \u00falo\u017en\u00e9ho prostoru a je\u0161t\u011b z\u00edsk\u00e1te dokonal\u00fd design interi\u00e9ru d\u00edky modern\u00edmu vzhledu n\u00e1bytku na m\u00edru.                                                                                                                                                                                                                                                                                                                                                                                                  "},{"@context":"https:\/\/schema.org\/","@type":"BreadcrumbList","itemListElement":[{"@type":"ListItem","position":1,"name":"Nechte si n\u00e1bytek postavit na m\u00edru","item":"https:\/\/www.telsey.cz\/nechte-si-nabytek-postavit-na-miru\/#breadcrumbitem"}]}]