[{"@context":"https:\/\/schema.org\/","@type":"Blog","@id":"https:\/\/www.telsey.cz#Blog","headline":"Telsey","description":"\nA\u0165 u\u017e \u010dlov\u011bk sh\u00e1n\u00ed na internetu cokoliv, t\u00e9m\u011b\u0159 ur\u010dit\u011b to tam najde. Ale ne\u017e to v t\u00e9 z\u00e1plav\u011b informac\u00ed najde, trv\u00e1 to. Ov\u0161em na na\u0161em webu najde ka\u017ed\u00fd to sv\u00e9 hned.","url":"https:\/\/www.telsey.cz","hasPart":[{"@type":"Article","@id":"https:\/\/www.telsey.cz\/u-nas-si-kazdy-cukrar-prijde-na-sve\/","headline":"U n\u00e1s si ka\u017ed\u00fd cukr\u00e1\u0159 p\u0159ijde na sv\u00e9","url":"https:\/\/www.telsey.cz\/u-nas-si-kazdy-cukrar-prijde-na-sve\/","datePublished":"2024-10-29","dateModified":"2024-10-29","mainEntityOfPage":"https:\/\/www.telsey.cz\/u-nas-si-kazdy-cukrar-prijde-na-sve\/","author":{"@type":"Person","@id":"https:\/\/www.telsey.cz\/author\/#Person","name":"","url":"https:\/\/www.telsey.cz\/author\/","identifier":1,"image":{"@type":"ImageObject","@id":"https:\/\/secure.gravatar.com\/avatar\/383247cd769f7ac317a5bcda943ec48a3c79d996598ae4564ec21a0e178126d1?s=96&d=mm&r=g","url":"https:\/\/secure.gravatar.com\/avatar\/383247cd769f7ac317a5bcda943ec48a3c79d996598ae4564ec21a0e178126d1?s=96&d=mm&r=g","height":96,"width":96}},"publisher":{"@type":"Organization","name":"telsey.cz","logo":{"@type":"ImageObject","@id":"\/logo.png","url":"\/logo.png","width":600,"height":60}},"image":null,"wordCount":302,"keywords":null},{"@type":"Article","@id":"https:\/\/www.telsey.cz\/vzpominejte-na-letni-dovolenou-s-fotografiemi-v-ruce\/","headline":"Vzpom\u00ednejte na letn\u00ed dovolenou s fotografiemi v ruce","url":"https:\/\/www.telsey.cz\/vzpominejte-na-letni-dovolenou-s-fotografiemi-v-ruce\/","datePublished":"2024-10-15","dateModified":"2024-10-15","mainEntityOfPage":"https:\/\/www.telsey.cz\/vzpominejte-na-letni-dovolenou-s-fotografiemi-v-ruce\/","author":{"@type":"Person","@id":"https:\/\/www.telsey.cz\/author\/#Person","name":"","url":"https:\/\/www.telsey.cz\/author\/","identifier":1,"image":{"@type":"ImageObject","@id":"https:\/\/secure.gravatar.com\/avatar\/383247cd769f7ac317a5bcda943ec48a3c79d996598ae4564ec21a0e178126d1?s=96&d=mm&r=g","url":"https:\/\/secure.gravatar.com\/avatar\/383247cd769f7ac317a5bcda943ec48a3c79d996598ae4564ec21a0e178126d1?s=96&d=mm&r=g","height":96,"width":96}},"publisher":{"@type":"Organization","name":"telsey.cz","logo":{"@type":"ImageObject","@id":"\/logo.png","url":"\/logo.png","width":600,"height":60}},"image":null,"wordCount":284,"keywords":null},{"@type":"Article","@id":"https:\/\/www.telsey.cz\/muzi-a-vztah\/","headline":"Mu\u017ei a vztah","url":"https:\/\/www.telsey.cz\/muzi-a-vztah\/","datePublished":"2024-08-28","dateModified":"2024-08-28","mainEntityOfPage":"https:\/\/www.telsey.cz\/muzi-a-vztah\/","author":{"@type":"Person","@id":"https:\/\/www.telsey.cz\/author\/#Person","name":"","url":"https:\/\/www.telsey.cz\/author\/","identifier":1,"image":{"@type":"ImageObject","@id":"https:\/\/secure.gravatar.com\/avatar\/383247cd769f7ac317a5bcda943ec48a3c79d996598ae4564ec21a0e178126d1?s=96&d=mm&r=g","url":"https:\/\/secure.gravatar.com\/avatar\/383247cd769f7ac317a5bcda943ec48a3c79d996598ae4564ec21a0e178126d1?s=96&d=mm&r=g","height":96,"width":96}},"publisher":{"@type":"Organization","name":"telsey.cz","logo":{"@type":"ImageObject","@id":"\/logo.png","url":"\/logo.png","width":600,"height":60}},"image":{"@type":"ImageObject","@id":"https:\/\/www.telsey.cz\/wp-content\/uploads\/mu%C5%BE_10_1.jpg","url":"https:\/\/www.telsey.cz\/wp-content\/uploads\/mu%C5%BE_10_1.jpg","height":0,"width":0},"wordCount":559,"keywords":null},{"@type":"Article","@id":"https:\/\/www.telsey.cz\/prekvapte-vasi-novou-pritelkyni-retro-kuchyni\/","headline":"P\u0159ekvapte va\u0161i novou p\u0159\u00edtelkyni retro kuchyn\u00ed","url":"https:\/\/www.telsey.cz\/prekvapte-vasi-novou-pritelkyni-retro-kuchyni\/","datePublished":"2024-07-27","dateModified":"2024-07-27","mainEntityOfPage":"https:\/\/www.telsey.cz\/prekvapte-vasi-novou-pritelkyni-retro-kuchyni\/","author":{"@type":"Person","@id":"https:\/\/www.telsey.cz\/author\/#Person","name":"","url":"https:\/\/www.telsey.cz\/author\/","identifier":1,"image":{"@type":"ImageObject","@id":"https:\/\/secure.gravatar.com\/avatar\/383247cd769f7ac317a5bcda943ec48a3c79d996598ae4564ec21a0e178126d1?s=96&d=mm&r=g","url":"https:\/\/secure.gravatar.com\/avatar\/383247cd769f7ac317a5bcda943ec48a3c79d996598ae4564ec21a0e178126d1?s=96&d=mm&r=g","height":96,"width":96}},"publisher":{"@type":"Organization","name":"telsey.cz","logo":{"@type":"ImageObject","@id":"\/logo.png","url":"\/logo.png","width":600,"height":60}},"image":{"@type":"ImageObject","@id":"https:\/\/www.telsey.cz\/wp-content\/uploads\/kitchen-728727_640_6.jpg","url":"https:\/\/www.telsey.cz\/wp-content\/uploads\/kitchen-728727_640_6.jpg","height":0,"width":0},"wordCount":639,"keywords":null},{"@type":"Article","@id":"https:\/\/www.telsey.cz\/odvykaci-kura-je-resenim\/","headline":"Odvykac\u00ed k\u00fara je \u0159e\u0161en\u00edm","url":"https:\/\/www.telsey.cz\/odvykaci-kura-je-resenim\/","datePublished":"2024-04-27","dateModified":"2024-04-27","mainEntityOfPage":"https:\/\/www.telsey.cz\/odvykaci-kura-je-resenim\/","author":{"@type":"Person","@id":"https:\/\/www.telsey.cz\/author\/#Person","name":"","url":"https:\/\/www.telsey.cz\/author\/","identifier":1,"image":{"@type":"ImageObject","@id":"https:\/\/secure.gravatar.com\/avatar\/383247cd769f7ac317a5bcda943ec48a3c79d996598ae4564ec21a0e178126d1?s=96&d=mm&r=g","url":"https:\/\/secure.gravatar.com\/avatar\/383247cd769f7ac317a5bcda943ec48a3c79d996598ae4564ec21a0e178126d1?s=96&d=mm&r=g","height":96,"width":96}},"publisher":{"@type":"Organization","name":"telsey.cz","logo":{"@type":"ImageObject","@id":"\/logo.png","url":"\/logo.png","width":600,"height":60}},"image":null,"wordCount":286,"keywords":null},{"@type":"Article","@id":"https:\/\/www.telsey.cz\/nemuzete-ridit-podnik-kdyz-nevite-jak\/","headline":"Nem\u016f\u017eete \u0159\u00eddit podnik, kdy\u017e nev\u00edte jak","url":"https:\/\/www.telsey.cz\/nemuzete-ridit-podnik-kdyz-nevite-jak\/","datePublished":"2024-04-18","dateModified":"2024-04-18","mainEntityOfPage":"https:\/\/www.telsey.cz\/nemuzete-ridit-podnik-kdyz-nevite-jak\/","author":{"@type":"Person","@id":"https:\/\/www.telsey.cz\/author\/#Person","name":"","url":"https:\/\/www.telsey.cz\/author\/","identifier":1,"image":{"@type":"ImageObject","@id":"https:\/\/secure.gravatar.com\/avatar\/383247cd769f7ac317a5bcda943ec48a3c79d996598ae4564ec21a0e178126d1?s=96&d=mm&r=g","url":"https:\/\/secure.gravatar.com\/avatar\/383247cd769f7ac317a5bcda943ec48a3c79d996598ae4564ec21a0e178126d1?s=96&d=mm&r=g","height":96,"width":96}},"publisher":{"@type":"Organization","name":"telsey.cz","logo":{"@type":"ImageObject","@id":"\/logo.png","url":"\/logo.png","width":600,"height":60}},"image":null,"wordCount":284,"keywords":null},{"@type":"Article","@id":"https:\/\/www.telsey.cz\/v-praze-8-se-muzete-ubytovat-u-nas\/","headline":"V Praze 8 se m\u016f\u017eete ubytovat u n\u00e1s","url":"https:\/\/www.telsey.cz\/v-praze-8-se-muzete-ubytovat-u-nas\/","datePublished":"2024-04-15","dateModified":"2024-04-15","mainEntityOfPage":"https:\/\/www.telsey.cz\/v-praze-8-se-muzete-ubytovat-u-nas\/","author":{"@type":"Person","@id":"https:\/\/www.telsey.cz\/author\/#Person","name":"","url":"https:\/\/www.telsey.cz\/author\/","identifier":1,"image":{"@type":"ImageObject","@id":"https:\/\/secure.gravatar.com\/avatar\/383247cd769f7ac317a5bcda943ec48a3c79d996598ae4564ec21a0e178126d1?s=96&d=mm&r=g","url":"https:\/\/secure.gravatar.com\/avatar\/383247cd769f7ac317a5bcda943ec48a3c79d996598ae4564ec21a0e178126d1?s=96&d=mm&r=g","height":96,"width":96}},"publisher":{"@type":"Organization","name":"telsey.cz","logo":{"@type":"ImageObject","@id":"\/logo.png","url":"\/logo.png","width":600,"height":60}},"image":null,"wordCount":287,"keywords":null},{"@type":"Article","@id":"https:\/\/www.telsey.cz\/jedeme-autem-na-dovolenou-k-jadranu\/","headline":"Jedeme autem na dovolenou k Jadranu","url":"https:\/\/www.telsey.cz\/jedeme-autem-na-dovolenou-k-jadranu\/","datePublished":"2024-04-13","dateModified":"2024-05-14","mainEntityOfPage":"https:\/\/www.telsey.cz\/jedeme-autem-na-dovolenou-k-jadranu\/","author":{"@type":"Person","@id":"https:\/\/www.telsey.cz\/author\/#Person","name":"","url":"https:\/\/www.telsey.cz\/author\/","identifier":1,"image":{"@type":"ImageObject","@id":"https:\/\/secure.gravatar.com\/avatar\/383247cd769f7ac317a5bcda943ec48a3c79d996598ae4564ec21a0e178126d1?s=96&d=mm&r=g","url":"https:\/\/secure.gravatar.com\/avatar\/383247cd769f7ac317a5bcda943ec48a3c79d996598ae4564ec21a0e178126d1?s=96&d=mm&r=g","height":96,"width":96}},"publisher":{"@type":"Organization","name":"telsey.cz","logo":{"@type":"ImageObject","@id":"\/logo.png","url":"\/logo.png","width":600,"height":60}},"image":{"@type":"ImageObject","@id":"https:\/\/www.telsey.cz\/wp-content\/uploads\/sea-shells-2215408_640.jpg","url":"https:\/\/www.telsey.cz\/wp-content\/uploads\/sea-shells-2215408_640.jpg","height":0,"width":0},"wordCount":613,"keywords":null},{"@type":"Article","@id":"https:\/\/www.telsey.cz\/ziskejte-kvalitni-material-pro-nytovani\/","headline":"Z\u00edskejte kvalitn\u00ed materi\u00e1l pro n\u00fdtov\u00e1n\u00ed","url":"https:\/\/www.telsey.cz\/ziskejte-kvalitni-material-pro-nytovani\/","datePublished":"2024-04-06","dateModified":"2024-04-06","mainEntityOfPage":"https:\/\/www.telsey.cz\/ziskejte-kvalitni-material-pro-nytovani\/","author":{"@type":"Person","@id":"https:\/\/www.telsey.cz\/author\/#Person","name":"","url":"https:\/\/www.telsey.cz\/author\/","identifier":1,"image":{"@type":"ImageObject","@id":"https:\/\/secure.gravatar.com\/avatar\/383247cd769f7ac317a5bcda943ec48a3c79d996598ae4564ec21a0e178126d1?s=96&d=mm&r=g","url":"https:\/\/secure.gravatar.com\/avatar\/383247cd769f7ac317a5bcda943ec48a3c79d996598ae4564ec21a0e178126d1?s=96&d=mm&r=g","height":96,"width":96}},"publisher":{"@type":"Organization","name":"telsey.cz","logo":{"@type":"ImageObject","@id":"\/logo.png","url":"\/logo.png","width":600,"height":60}},"image":null,"wordCount":303,"keywords":null},{"@type":"Article","@id":"https:\/\/www.telsey.cz\/pohrebni-sluzba-praha-zkusenosti-a-respekt-k-pozustalym\/","headline":"Poh\u0159ebn\u00ed slu\u017eba Praha- zku\u0161enosti a respekt k poz\u016fstal\u00fdm","url":"https:\/\/www.telsey.cz\/pohrebni-sluzba-praha-zkusenosti-a-respekt-k-pozustalym\/","datePublished":"2024-03-28","dateModified":"2024-03-28","mainEntityOfPage":"https:\/\/www.telsey.cz\/pohrebni-sluzba-praha-zkusenosti-a-respekt-k-pozustalym\/","author":{"@type":"Person","@id":"https:\/\/www.telsey.cz\/author\/#Person","name":"","url":"https:\/\/www.telsey.cz\/author\/","identifier":1,"image":{"@type":"ImageObject","@id":"https:\/\/secure.gravatar.com\/avatar\/383247cd769f7ac317a5bcda943ec48a3c79d996598ae4564ec21a0e178126d1?s=96&d=mm&r=g","url":"https:\/\/secure.gravatar.com\/avatar\/383247cd769f7ac317a5bcda943ec48a3c79d996598ae4564ec21a0e178126d1?s=96&d=mm&r=g","height":96,"width":96}},"publisher":{"@type":"Organization","name":"telsey.cz","logo":{"@type":"ImageObject","@id":"\/logo.png","url":"\/logo.png","width":600,"height":60}},"image":null,"wordCount":292,"keywords":null}]},{"@context":"https:\/\/schema.org","@type":"WebSite","@id":"https:\/\/www.telsey.cz\/#website","name":"Telsey","url":"https:\/\/www.telsey.cz","potentialAction":{"@type":"SearchAction","target":"https:\/\/www.telsey.cz\/?s={search_term_string}","query-input":"required name=search_term_string"}}]