[{"@context":"https:\/\/schema.org\/","@type":"Article","@id":"https:\/\/www.telsey.cz\/proc-jsme-na-tom-hur\/#Article","mainEntityOfPage":"https:\/\/www.telsey.cz\/proc-jsme-na-tom-hur\/","headline":"Pro\u010d jsme na tom h\u016f\u0159?","name":"Pro\u010d jsme na tom h\u016f\u0159?","description":"Kdy\u017e si srovn\u00e1me \u010desk\u00e9 a n\u011bmeck\u00e9 p\u0159\u00edjmy a v\u00fddaje, zjist\u00edme, \u017ee N\u011bmci sice maj\u00ed vy\u0161\u0161\u00ed v\u00fddaje, ale tak\u00e9 nesrovnateln\u011b vy\u0161\u0161\u00ed p\u0159\u00edjmy. Nav\u00edc je probl\u00e9m, \u017ee n\u011bkter\u00e9 komodity maj\u00ed v N\u011bmecku levn\u011bj\u0161\u00ed ne\u017e my tady. A to dokonce i v p\u0159\u00edpad\u011b, \u017ee jde o na\u0161e vlastn\u00ed produkty. Vyr\u00e1b\u00edme mnoho elekt\u0159iny, kterou ale prod\u00e1v\u00e1me N\u011bmc\u016fm, kte\u0159\u00ed za [&hellip;]","datePublished":"2025-07-07","dateModified":"2025-07-07","author":{"@type":"Person","@id":"https:\/\/www.telsey.cz\/author\/#Person","name":"","url":"https:\/\/www.telsey.cz\/author\/","identifier":1,"image":{"@type":"ImageObject","@id":"https:\/\/secure.gravatar.com\/avatar\/383247cd769f7ac317a5bcda943ec48a3c79d996598ae4564ec21a0e178126d1?s=96&d=mm&r=g","url":"https:\/\/secure.gravatar.com\/avatar\/383247cd769f7ac317a5bcda943ec48a3c79d996598ae4564ec21a0e178126d1?s=96&d=mm&r=g","height":96,"width":96}},"publisher":{"@type":"Organization","name":"telsey.cz","logo":{"@type":"ImageObject","@id":"\/logo.png","url":"\/logo.png","width":600,"height":60}},"image":{"@type":"ImageObject","@id":"https:\/\/www.telsey.cz\/wp-content\/uploads\/euro-163475_640_10_10_10_10_2.jpg","url":"https:\/\/www.telsey.cz\/wp-content\/uploads\/euro-163475_640_10_10_10_10_2.jpg","height":0,"width":0},"url":"https:\/\/www.telsey.cz\/proc-jsme-na-tom-hur\/","about":["Pen\u00edze"],"wordCount":434,"articleBody":"       Kdy\u017e si srovn\u00e1me \u010desk\u00e9 a n\u011bmeck\u00e9 p\u0159\u00edjmy a v\u00fddaje, zjist\u00edme, \u017ee N\u011bmci sice maj\u00ed vy\u0161\u0161\u00ed v\u00fddaje, ale tak\u00e9 nesrovnateln\u011b vy\u0161\u0161\u00ed p\u0159\u00edjmy. Nav\u00edc je probl\u00e9m, \u017ee n\u011bkter\u00e9 komodity maj\u00ed v N\u011bmecku levn\u011bj\u0161\u00ed ne\u017e my tady. A to dokonce i v p\u0159\u00edpad\u011b, \u017ee jde o na\u0161e vlastn\u00ed produkty. Vyr\u00e1b\u00edme mnoho elekt\u0159iny, kterou ale prod\u00e1v\u00e1me N\u011bmc\u016fm, kte\u0159\u00ed za ni plat\u00ed mnohem m\u00e9n\u011b ne\u017e my. A kdo platil v\u00fdstavbu jadern\u00fdch elektr\u00e1ren v \u010cesku? \u010ce\u0161i. P\u0159esto plat\u00ed v\u00edc. Jak je to mo\u017en\u00e9? To zat\u00edm nikdo nebyl schopen vysv\u011btlit.A tak je to se v\u0161\u00edm Vyr\u00e1b\u00edme st\u00e1le je\u0161t\u011b n\u011bkter\u00e9 zbo\u017e\u00ed, kter\u00e9 je pro n\u00e1s typick\u00e9. Pat\u0159\u00ed sem t\u0159eba sv\u011btozn\u00e1m\u00e9 pivo, kter\u00e9 v N\u011bmecku se\u017eenete za zhruba t\u0159etinu ceny ne\u017e u n\u00e1s. Naopak to ale neplat\u00ed. N\u011bmci sice vyr\u00e1b\u00ed spoustu zaj\u00edmav\u00e9ho a kvalitn\u00edho zbo\u017e\u00ed, ale pro n\u00e1\u0161 trh se prokazateln\u011b vyr\u00e1b\u00ed produkty druh\u00e9 kategorie, za kter\u00e9 my plat\u00edme mnohem vy\u0161\u0161\u00ed ceny. Je to nespravedliv\u00e9? Je. D\u011bl\u00e1 s t\u00edm politick\u00e1 sc\u00e9na n\u011bco? V\u016fbec nic. Zase doplat\u00edme na N\u011bmce Americka-nebankovni-hypoteka?  Budeme i nad\u00e1le platit daleko vy\u0161\u0161\u00ed \u010d\u00e1stky za pod\u0159adn\u00e9 zbo\u017e\u00ed? Budeme i nad\u00e1le dotovat N\u011bmc\u016fm elekt\u0159inu? Z\u0159ejm\u011b ano. Zat\u00edm se mezi politiky nena\u0161el nikdo, kdo by tomu cht\u011bl ud\u011blat p\u0159\u00edtr\u017e a kdo by cht\u011bl, aby se to kone\u010dn\u011b zm\u011bnilo. Velk\u00fd pod\u00edl na tom m\u00e1 samoz\u0159ejm\u011b EU, kter\u00e1 je v podstat\u011b konstrukt N\u011bmecka. Nen\u00ed divu, \u017ee si EU odhaluje, co se j\u00ed zachce, proto\u017ee N\u011bmecko samoz\u0159ejm\u011b nep\u016fjde samo proti sob\u011b t\u00edm, \u017ee by cht\u011blo, aby ostatn\u00ed m\u011bli v\u00edce pen\u011bz. Pen\u00edze jsou mocn\u00fdm n\u00e1strojem, kter\u00fdm se d\u00e1 ovl\u00e1dat nejen obyvatelstvo, ale i ekonomika, samoz\u0159ejm\u011b. N\u011bmecko nikdy nedovol\u00ed, aby se chud\u00e1 \u010cesk\u00e1 republika m\u011bla alespo\u0148 podobn\u011b jako N\u011bmci. Z\u016fst\u00e1v\u00e1 n\u00e1m skute\u010dn\u011b m\u00e1lo pen\u011bz z toho, co vyd\u011bl\u00e1me. Nen\u00ed divu, \u017ee lid\u00e9 u\u017e \u0161et\u0159\u00ed, kde se d\u00e1. U\u017e cel\u00e9 m\u011bs\u00edce mnoz\u00ed \u010ce\u0161i jezd\u00ed na n\u00e1kupy do Polska, proto\u017ee se to vyplat\u00ed. \u010cesko tak na dan\u00edch vybere m\u00e9n\u011b, co\u017e ale asi nikomu nevad\u00ed. P\u0159\u00edstup na\u0161ich politik\u016f k vlastn\u00edm obyvatel\u016fm je skute\u010dn\u011b tristn\u00ed.                                                                                                                                                                                                                                                                                                                                                                                                  "},{"@context":"https:\/\/schema.org\/","@type":"BreadcrumbList","itemListElement":[{"@type":"ListItem","position":1,"name":"Pro\u010d jsme na tom h\u016f\u0159?","item":"https:\/\/www.telsey.cz\/proc-jsme-na-tom-hur\/#breadcrumbitem"}]}]