[{"@context":"https:\/\/schema.org\/","@type":"Article","@id":"https:\/\/www.telsey.cz\/ubytovani-ricky\/#Article","mainEntityOfPage":"https:\/\/www.telsey.cz\/ubytovani-ricky\/","headline":"Ubytov\u00e1n\u00ed \u0158\u00ed\u010dky","name":"Ubytov\u00e1n\u00ed \u0158\u00ed\u010dky","description":"Kr\u00e1sn\u00e1 p\u0159\u00edroda, lesy a malebn\u00e1 obec \u0158\u00ed\u010dky vyb\u00edz\u00ed ke str\u00e1ven\u00ed va\u0161\u00ed dovolen\u00e9 za rozumn\u00e9 ceny po cel\u00fd rok. Ov\u011b\u0159en\u00e1 ubytovac\u00ed za\u0159\u00edzen\u00ed poskytuj\u00ed maxim\u00e1ln\u00ed komfort pro va\u0161i dovolenou \u010di po\u0159\u00e1d\u00e1n\u00ed konferenc\u00ed a \u0161kolen\u00ed. Podrobn\u00fd popis a fotografie ka\u017ed\u00e9ho objektu. S v\u00fdb\u011brem v\u00e1m r\u00e1di porad\u00edme, vyzkou\u0161ejte. Obec \u0158\u00ed\u010dky, le\u017e\u00edc\u00ed p\u0159i z\u00e1padn\u00edm v\u00fdb\u011b\u017eku Orlick\u00fdch hor l\u00e1k\u00e1 dom\u00e1c\u00ed i [&hellip;]","datePublished":"2024-12-08","dateModified":"2024-12-08","author":{"@type":"Person","@id":"https:\/\/www.telsey.cz\/author\/#Person","name":"","url":"https:\/\/www.telsey.cz\/author\/","identifier":1,"image":{"@type":"ImageObject","@id":"https:\/\/secure.gravatar.com\/avatar\/383247cd769f7ac317a5bcda943ec48a3c79d996598ae4564ec21a0e178126d1?s=96&d=mm&r=g","url":"https:\/\/secure.gravatar.com\/avatar\/383247cd769f7ac317a5bcda943ec48a3c79d996598ae4564ec21a0e178126d1?s=96&d=mm&r=g","height":96,"width":96}},"publisher":{"@type":"Organization","name":"telsey.cz","logo":{"@type":"ImageObject","@id":"\/logo.png","url":"\/logo.png","width":600,"height":60}},"url":"https:\/\/www.telsey.cz\/ubytovani-ricky\/","wordCount":179,"articleBody":" Kr\u00e1sn\u00e1 p\u0159\u00edroda, lesy a malebn\u00e1 obec \u0158\u00ed\u010dky vyb\u00edz\u00ed ke str\u00e1ven\u00ed va\u0161\u00ed dovolen\u00e9 za rozumn\u00e9 ceny po cel\u00fd rok. Ov\u011b\u0159en\u00e1 ubytovac\u00ed za\u0159\u00edzen\u00ed poskytuj\u00ed maxim\u00e1ln\u00ed komfort pro va\u0161i dovolenou \u010di po\u0159\u00e1d\u00e1n\u00ed konferenc\u00ed a \u0161kolen\u00ed. Podrobn\u00fd popis a fotografie ka\u017ed\u00e9ho objektu. S v\u00fdb\u011brem v\u00e1m r\u00e1di porad\u00edme, vyzkou\u0161ejte. Obec \u0158\u00ed\u010dky, le\u017e\u00edc\u00ed p\u0159i z\u00e1padn\u00edm v\u00fdb\u011b\u017eku Orlick\u00fdch hor l\u00e1k\u00e1 dom\u00e1c\u00ed i zahrani\u010dn\u00ed turisty. Po cel\u00fd rok nab\u00edz\u00ed ide\u00e1ln\u00ed podm\u00ednky pro ty, kdo hledaj\u00ed b\u011bhem sv\u00e9 dovolen\u00e9 sportovn\u00ed vy\u017eit\u00ed \u010di n\u00e1v\u0161t\u011bvu n\u011bkter\u00fdch zaj\u00edmav\u00fdch m\u00edst v okol\u00ed. S kompletn\u00edm slu\u017ebami v okol\u00ed v\u00e1m porad\u00ed na\u0161e str\u00e1nky ubytov\u00e1n\u00ed \u0158\u00ed\u010dky v Orlick\u00fdch hor\u00e1ch. P\u0159\u00edjemn\u00e1 dovolen\u00e1 v p\u0159\u00edrod\u011b Napl\u00e1nujte si ji\u017e dnes svou zimn\u00ed dovolenou, V\u00e1noce \u010di Silvestra. Va\u0161e po\u017eadavky vy\u0159e\u0161\u00edme obratem a r\u00e1di v\u00e1m pom\u016f\u017eeme s v\u00fdb\u011brem.                                                                                                                                                                                                                                                                                                                                                                                                "},{"@context":"https:\/\/schema.org\/","@type":"BreadcrumbList","itemListElement":[{"@type":"ListItem","position":1,"name":"Ubytov\u00e1n\u00ed \u0158\u00ed\u010dky","item":"https:\/\/www.telsey.cz\/ubytovani-ricky\/#breadcrumbitem"}]}]